{"id":57709,"date":"2026-02-26T11:46:04","date_gmt":"2026-02-26T11:46:04","guid":{"rendered":"https:\/\/www.costacx.com\/oviedo-presenta-el-cartel-de-la-semana-santa-2026-que-vuelve-a-reivindicar-el-uso-de-la-inteligencia-artificial\/"},"modified":"2026-02-26T11:46:04","modified_gmt":"2026-02-26T11:46:04","slug":"oviedo-presents-the-poster-for-semana-santa-2026-which-once-again-calls-for-the-use-of-artificial-intelligence","status":"publish","type":"post","link":"https:\/\/www.costacx.com\/en\/oviedo-presenta-el-cartel-de-la-semana-santa-2026-que-vuelve-a-reivindicar-el-uso-de-la-inteligencia-artificial\/","title":{"rendered":"Oviedo presents the poster for Easter Week 2026, which once again calls for the use of artificial intelligence"},"content":{"rendered":"<div id=\"ez-toc-container\" class=\"ez-toc-v2_0_82_2 counter-hierarchy ez-toc-counter ez-toc-custom ez-toc-container-direction\">\n<div class=\"ez-toc-title-container\">\n<p class=\"ez-toc-title\" style=\"cursor:inherit\">Table of contents<\/p>\n<span class=\"ez-toc-title-toggle\"><a href=\"#\" class=\"ez-toc-pull-right ez-toc-btn ez-toc-btn-xs ez-toc-btn-default ez-toc-toggle\" aria-label=\"Toggle Table of Contents\"><span class=\"ez-toc-js-icon-con\"><span class=\"\"><span class=\"eztoc-hide\" style=\"display:none;\">Toggle<\/span><span class=\"ez-toc-icon-toggle-span\"><svg style=\"fill: #999;color:#999\" xmlns=\"http:\/\/www.w3.org\/2000\/svg\" class=\"list-377408\" width=\"20px\" height=\"20px\" viewbox=\"0 0 24 24\" fill=\"none\"><path d=\"M6 6H4v2h2V6zm14 0H8v2h12V6zM4 11h2v2H4v-2zm16 0H8v2h12v-2zM4 16h2v2H4v-2zm16 0H8v2h12v-2z\" fill=\"currentColor\"><\/path><\/svg><svg style=\"fill: #999;color:#999\" class=\"arrow-unsorted-368013\" xmlns=\"http:\/\/www.w3.org\/2000\/svg\" width=\"10px\" height=\"10px\" viewbox=\"0 0 24 24\" version=\"1.2\" baseprofile=\"tiny\"><path d=\"M18.2 9.3l-6.2-6.3-6.2 6.3c-.2.2-.3.4-.3.7s.1.5.3.7c.2.2.4.3.7.3h11c.3 0 .5-.1.7-.3.2-.2.3-.5.3-.7s-.1-.5-.3-.7zM5.8 14.7l6.2 6.3 6.2-6.3c.2-.2.3-.5.3-.7s-.1-.5-.3-.7c-.2-.2-.4-.3-.7-.3h-11c-.3 0-.5.1-.7.3-.2.2-.3.5-.3.7s.1.5.3.7z\"\/><\/svg><\/span><\/span><\/span><\/a><\/span><\/div>\n<nav><ul class='ez-toc-list ez-toc-list-level-1' ><li class='ez-toc-page-1 ez-toc-heading-level-2'><a class=\"ez-toc-link ez-toc-heading-1\" href=\"https:\/\/www.costacx.com\/en\/oviedo-presenta-el-cartel-de-la-semana-santa-2026-que-vuelve-a-reivindicar-el-uso-de-la-inteligencia-artificial\/#La_Semana_Santa_de_Oviedo_y_su_imagen_oficial\" >Oviedo's Holy Week and its official image<\/a><\/li><li class='ez-toc-page-1 ez-toc-heading-level-2'><a class=\"ez-toc-link ez-toc-heading-2\" href=\"https:\/\/www.costacx.com\/en\/oviedo-presenta-el-cartel-de-la-semana-santa-2026-que-vuelve-a-reivindicar-el-uso-de-la-inteligencia-artificial\/#Opiniones_y_criticas_sobre_la_obra\" >Opinions and criticisms of the work<\/a><\/li><li class='ez-toc-page-1 ez-toc-heading-level-2'><a class=\"ez-toc-link ez-toc-heading-3\" href=\"https:\/\/www.costacx.com\/en\/oviedo-presenta-el-cartel-de-la-semana-santa-2026-que-vuelve-a-reivindicar-el-uso-de-la-inteligencia-artificial\/#Preparativos_para_la_Semana_Santa\" >Preparations for Easter<\/a><\/li><\/ul><\/nav><\/div>\n<div>\n<p>Oviedo presents the poster for Easter Week 2026 that vindicates artificial intelligence in artistic creation. The work \u201cY fue azotado\u201d by Juan Jos\u00e9 Castro Celeiro incorporates digital treatment after the controversy of the previous year, marking the beginning of the Lenten calendar. The debate on the use of AI in art is reopened with this choice, generating conflicting opinions.<\/p>\n<h2><span class=\"ez-toc-section\" id=\"La_Semana_Santa_de_Oviedo_y_su_imagen_oficial\"><\/span>Oviedo's Holy Week and its official image<span class=\"ez-toc-section-end\"><\/span><\/h2>\n<p>The Board of Brotherhoods and Brotherhoods of Oviedo has selected the photograph \u201cAnd he was scourged\u201d to be the official poster for 2026. This piece, digitally treated to obtain a pictorial aspect, comes from a snapshot taken during Holy Tuesday of the Holy Christ Flagellated in the square of the Cathedral of Oviedo. The author, Juan Jos\u00e9 Castro Celeiro, defends the use of artificial intelligence as a creative complement, sparking diverse opinions among spectators and critics.<\/p>\n<h2><span class=\"ez-toc-section\" id=\"Opiniones_y_criticas_sobre_la_obra\"><\/span>Opinions and criticisms of the work<span class=\"ez-toc-section-end\"><\/span><\/h2>\n<p>The use of AI-based tools in artistic creation has been the subject of debate since the previous edition of the poster. On this occasion, the author has reiterated his support for the application of this technology as an extension of his creativity on an original image. Both the president of the Junta de Cofrad\u00edas, Carlos Gonz\u00e1lez Garc\u00eda, and the councillor Alfredo Quintana, praised the poster for its ability to convey \u201cemotion, tradition, faith and collective memory\u201d.<\/p>\n<h2><span class=\"ez-toc-section\" id=\"Preparativos_para_la_Semana_Santa\"><\/span>Preparations for Easter<span class=\"ez-toc-section-end\"><\/span><\/h2>\n<p>With the presentation of the poster, Oviedo begins the countdown to Holy Week 2026. The inaugural event will be the Lenten concert, marking the beginning of a key period in the city. The celebration will culminate in April with the processions, in the hope, for yet another year, that the weather will accompany the religious festivities.<\/p>\n<p>The integration of artificial intelligence into the artistic creative process poses both challenges and opportunities. How will this trend impact the public's perception of art? Will it generate greater appreciation or, on the contrary, will it raise criticism for the lack of authenticity in the works? The intersection between technology and creativity is a fertile ground for experimentation and debate, which will undoubtedly continue to evolve in the coming years.<\/p>\n<\/div>\n<p><em>Source: <a href=\"https:\/\/cadenaser.com\/asturias\/2026\/02\/26\/oviedo-presenta-el-cartel-de-la-semana-santa-2026-que-vuelve-a-reivindicar-el-uso-de-la-inteligencia-artificial-radio-asturias\/\" target=\"_blank\" rel=\"nofollow noopener\">cadenaser.com<\/a><\/em><\/p>","protected":false},"excerpt":{"rendered":"<p>Oviedo presents the poster for Easter Week 2026 that vindicates artificial intelligence in artistic creation. The work \u201cY fue azotado\u201d (And he was flogged) by J...<\/p>","protected":false},"author":1,"featured_media":57710,"comment_status":"closed","ping_status":"closed","sticky":false,"template":"","format":"standard","meta":{"footnotes":""},"categories":[291],"tags":[292],"class_list":["post-57709","post","type-post","status-publish","format-standard","has-post-thumbnail","hentry","category-noticias-ia","tag-inteligencia-artificial","category-291","description-off"],"_links":{"self":[{"href":"https:\/\/www.costacx.com\/en\/wp-json\/wp\/v2\/posts\/57709","targetHints":{"allow":["GET"]}}],"collection":[{"href":"https:\/\/www.costacx.com\/en\/wp-json\/wp\/v2\/posts"}],"about":[{"href":"https:\/\/www.costacx.com\/en\/wp-json\/wp\/v2\/types\/post"}],"author":[{"embeddable":true,"href":"https:\/\/www.costacx.com\/en\/wp-json\/wp\/v2\/users\/1"}],"replies":[{"embeddable":true,"href":"https:\/\/www.costacx.com\/en\/wp-json\/wp\/v2\/comments?post=57709"}],"version-history":[{"count":0,"href":"https:\/\/www.costacx.com\/en\/wp-json\/wp\/v2\/posts\/57709\/revisions"}],"wp:featuredmedia":[{"embeddable":true,"href":"https:\/\/www.costacx.com\/en\/wp-json\/wp\/v2\/media\/57710"}],"wp:attachment":[{"href":"https:\/\/www.costacx.com\/en\/wp-json\/wp\/v2\/media?parent=57709"}],"wp:term":[{"taxonomy":"category","embeddable":true,"href":"https:\/\/www.costacx.com\/en\/wp-json\/wp\/v2\/categories?post=57709"},{"taxonomy":"post_tag","embeddable":true,"href":"https:\/\/www.costacx.com\/en\/wp-json\/wp\/v2\/tags?post=57709"}],"curies":[{"name":"wp","href":"https:\/\/api.w.org\/{rel}","templated":true}]}}